[{"@context":"https:\/\/schema.org\/","@type":"Article","@id":"https:\/\/www.blokna.cz\/budte-doma-a-zaroven-v-prirode\/#Article","mainEntityOfPage":"https:\/\/www.blokna.cz\/budte-doma-a-zaroven-v-prirode\/","headline":"Bu\u010fte doma a z\u00e1rove\u0148 v p\u0159\u00edrod\u011b","name":"Bu\u010fte doma a z\u00e1rove\u0148 v p\u0159\u00edrod\u011b","description":"Pobyt v p\u0159\u00edrod\u011b je n\u00e1m v dne\u0161n\u00edm civilizovan\u00e9m sv\u011bt\u011b st\u00e1le vzd\u00e1len\u011bj\u0161\u00ed. Je m\u00e1lo \u010dasu na v\u00fdlety a pobyt mezi zelen\u00ed,<span class=\"more-button\"><a href=\"https:\/\/www.blokna.cz\/budte-doma-a-zaroven-v-prirode\/\" class=\"more-link\">Pokra\u010dovat ve \u010dten\u00ed<span class=\"screen-reader-text\">Bu\u010fte doma a z\u00e1rove\u0148 v p\u0159\u00edrod\u011b<\/span><\/a><\/span>","datePublished":"2024-11-30","dateModified":"2024-11-30","author":{"@type":"Person","@id":"https:\/\/www.blokna.cz\/author\/#Person","name":"","url":"https:\/\/www.blokna.cz\/author\/","identifier":1,"image":{"@type":"ImageObject","@id":"https:\/\/secure.gravatar.com\/avatar\/42264ea8f5170010011c6bbf811aa6c31c20ad3acf2a9bd21dca0746ea8c832a?s=96&d=mm&r=g","url":"https:\/\/secure.gravatar.com\/avatar\/42264ea8f5170010011c6bbf811aa6c31c20ad3acf2a9bd21dca0746ea8c832a?s=96&d=mm&r=g","height":96,"width":96}},"publisher":{"@type":"Organization","name":"blokna.cz","logo":{"@type":"ImageObject","@id":"\/logo.png","url":"\/logo.png","width":600,"height":60}},"url":"https:\/\/www.blokna.cz\/budte-doma-a-zaroven-v-prirode\/","wordCount":216,"articleBody":"Pobyt v p\u0159\u00edrod\u011b je n\u00e1m v dne\u0161n\u00edm civilizovan\u00e9m sv\u011bt\u011b st\u00e1le vzd\u00e1len\u011bj\u0161\u00ed. Je m\u00e1lo \u010dasu na v\u00fdlety a pobyt mezi zelen\u00ed, i kdy\u017e by to n\u00e1\u0161 organismus uv\u00edtal. Bez de\u0161tn\u00edku, i kdy\u017e pr\u0161\u00ed P\u0159ekro\u010dte pr\u00e1h a bu\u010fte v zelen\u00e9m r\u00e1ji. Pobyt v m\u00edstnosti na\u0161eho domu, kter\u00e1 je pln\u00e1 zelen\u00fdch kv\u011btin a kde si m\u016f\u017eeme ud\u011blat klima dle sv\u00e9ho p\u0159\u00e1n\u00ed, kde nebude pr\u0161et ani kdy\u017e venku bude pl\u00edskanice, bude p\u0159\u00edjemn\u00fd a osv\u011b\u017euj\u00edc\u00ed. A bude nejen osv\u011b\u017euj\u00edc\u00ed, ale i p\u0159\u00ednosn\u00fd pro na\u0161e zdrav\u00ed. Kysl\u00edk, kter\u00fd rostliny produkuj\u00ed, p\u0159\u00edzniv\u011b ovlivn\u00ed na\u0161e zdrav\u00ed a odpo\u010dinek. Je t\u0159eba d\u00e1t na\u0161emu zdrav\u00ed \u0161anci. Ale jak na to? Nahl\u00e9dn\u011bte do nab\u00eddky zimn\u00edch zahrad. Renomovan\u00e9 firmy v\u00ed, jak na to. Mezi n\u011b pat\u0159\u00ed i firma Alusystems, kter\u00e1 zhotov\u00ed stavbu po cel\u00e9 \u010cesk\u00e9 republice, zdarma a nez\u00e1vazn\u011b v\u00e1s nav\u0161t\u00edv\u00ed a vysv\u011btl\u00ed v\u0161e, co je d\u016fle\u017eit\u00e9 v\u011bd\u011bt. A vy se rozhodnete podle sv\u00fdch p\u0159edstav. Nebojte, nebudete zklaman\u00ed. D\u00edlo profesion\u00e1l\u016f bude k va\u0161\u00ed spokojenosti.                                                                                                                                                                                                                                                                                                                                                                                        5\/5 - (2 votes)        "},{"@context":"https:\/\/schema.org\/","@type":"BreadcrumbList","itemListElement":[{"@type":"ListItem","position":1,"name":"Bu\u010fte doma a z\u00e1rove\u0148 v p\u0159\u00edrod\u011b","item":"https:\/\/www.blokna.cz\/budte-doma-a-zaroven-v-prirode\/#breadcrumbitem"}]}]