[{"@context":"https:\/\/schema.org\/","@type":"Article","@id":"https:\/\/www.blokna.cz\/prijedte-do-naseho-hlavniho-mesta\/#Article","mainEntityOfPage":"https:\/\/www.blokna.cz\/prijedte-do-naseho-hlavniho-mesta\/","headline":"P\u0159ije\u010fte do na\u0161eho hlavn\u00edho m\u011bsta","name":"P\u0159ije\u010fte do na\u0161eho hlavn\u00edho m\u011bsta","description":"S na\u0161\u00edm levn\u00fdm ubytov\u00e1n\u00edm Praha v\u00e1m m\u016f\u017eeme zajistit skv\u011bl\u00e9 p\u0159esp\u00e1n\u00ed v p\u0159\u00edjemn\u00e9m a \u00fatuln\u00e9m prost\u0159edn\u00ed na\u0161ich provozoven. Jsou na \u0159ad\u011b<span class=\"more-button\"><a href=\"https:\/\/www.blokna.cz\/prijedte-do-naseho-hlavniho-mesta\/\" class=\"more-link\">Pokra\u010dovat ve \u010dten\u00ed<span class=\"screen-reader-text\">P\u0159ije\u010fte do na\u0161eho hlavn\u00edho m\u011bsta<\/span><\/a><\/span>","datePublished":"2025-09-04","dateModified":"2025-09-04","author":{"@type":"Person","@id":"https:\/\/www.blokna.cz\/author\/#Person","name":"","url":"https:\/\/www.blokna.cz\/author\/","identifier":1,"image":{"@type":"ImageObject","@id":"https:\/\/secure.gravatar.com\/avatar\/42264ea8f5170010011c6bbf811aa6c31c20ad3acf2a9bd21dca0746ea8c832a?s=96&d=mm&r=g","url":"https:\/\/secure.gravatar.com\/avatar\/42264ea8f5170010011c6bbf811aa6c31c20ad3acf2a9bd21dca0746ea8c832a?s=96&d=mm&r=g","height":96,"width":96}},"publisher":{"@type":"Organization","name":"blokna.cz","logo":{"@type":"ImageObject","@id":"\/logo.png","url":"\/logo.png","width":600,"height":60}},"url":"https:\/\/www.blokna.cz\/prijedte-do-naseho-hlavniho-mesta\/","wordCount":191,"articleBody":"S na\u0161\u00edm levn\u00fdm ubytov\u00e1n\u00edm Praha v\u00e1m m\u016f\u017eeme zajistit skv\u011bl\u00e9 p\u0159esp\u00e1n\u00ed v p\u0159\u00edjemn\u00e9m a \u00fatuln\u00e9m prost\u0159edn\u00ed na\u0161ich provozoven. Jsou na \u0159ad\u011b m\u00edst tak, aby si ka\u017ed\u00fd z na\u0161ich klient\u016f mohl s\u00e1m vybrat. Sta\u010d\u00ed si pokoj z domova p\u0159ed odjezdem zarezervovat a pak v\u00e1m ji\u017e nic nebude br\u00e1nit v cest\u011b. Jsme p\u0159esv\u011bd\u010deni, \u017ee u n\u00e1s se v\u00e1m bude l\u00edbit. V p\u0159\u00edpad\u011b va\u0161eho z\u00e1jmu se m\u016f\u017eete na n\u00e1s obr\u00e1tit. Ka\u017ed\u00e1 provozovna m\u00e1 svou recepci Pot\u0159ebujete nav\u0161t\u00edvit na\u0161e hlavn\u00ed m\u011bsto a nem\u00e1te, kde p\u0159espat? Nen\u00ed t\u0159eba se ni\u010deho ob\u00e1vat. Na\u0161e levn\u00e9 ubytov\u00e1n\u00ed Praha je ur\u010deno i v\u00e1m. P\u0159edem si ho objednejte a budete m\u00edt jistotu, \u017ee ho z\u00edsk\u00e1te. Nejsme \u017e\u00e1dn\u00e1 nocleh\u00e1rna. M\u00e1me kr\u00e1sn\u011b a \u00fatuln\u011b za\u0159\u00edzen\u00e9 pokoje, kter\u00e9 v\u00e1s ur\u010dit\u011b nezklamou. T\u011b\u0161\u00edme se na v\u0161echny na\u0161e z\u00e1kazn\u00edky. Jsme tady pro v\u00e1s.                                                                                                                                                                                                                                                                                                                                                                                                "},{"@context":"https:\/\/schema.org\/","@type":"BreadcrumbList","itemListElement":[{"@type":"ListItem","position":1,"name":"P\u0159ije\u010fte do na\u0161eho hlavn\u00edho m\u011bsta","item":"https:\/\/www.blokna.cz\/prijedte-do-naseho-hlavniho-mesta\/#breadcrumbitem"}]}]