[{"@context":"https:\/\/schema.org\/","@type":"Article","@id":"https:\/\/www.blokna.cz\/u-nas-mame-kostym-pro-vsechny-prilezitosti\/#Article","mainEntityOfPage":"https:\/\/www.blokna.cz\/u-nas-mame-kostym-pro-vsechny-prilezitosti\/","headline":"U n\u00e1s m\u00e1me kost\u00fdm pro v\u0161echny p\u0159\u00edle\u017eitosti","name":"U n\u00e1s m\u00e1me kost\u00fdm pro v\u0161echny p\u0159\u00edle\u017eitosti","description":"Pot\u0159ebujete n\u011bjak\u00fd p\u0159evlek na \u010derta a mikul\u00e1\u0161e s\u00a0and\u011blem, na ma\u0161karn\u00ed ples, masku pro spole\u010denskou akci nebo si doma cht\u011bj\u00ed prost\u011b<span class=\"more-button\"><a href=\"https:\/\/www.blokna.cz\/u-nas-mame-kostym-pro-vsechny-prilezitosti\/\" class=\"more-link\">Pokra\u010dovat ve \u010dten\u00ed<span class=\"screen-reader-text\">U n\u00e1s m\u00e1me kost\u00fdm pro v\u0161echny p\u0159\u00edle\u017eitosti<\/span><\/a><\/span>","datePublished":"2024-10-31","dateModified":"2024-10-31","author":{"@type":"Person","@id":"https:\/\/www.blokna.cz\/author\/#Person","name":"","url":"https:\/\/www.blokna.cz\/author\/","identifier":1,"image":{"@type":"ImageObject","@id":"https:\/\/secure.gravatar.com\/avatar\/42264ea8f5170010011c6bbf811aa6c31c20ad3acf2a9bd21dca0746ea8c832a?s=96&d=mm&r=g","url":"https:\/\/secure.gravatar.com\/avatar\/42264ea8f5170010011c6bbf811aa6c31c20ad3acf2a9bd21dca0746ea8c832a?s=96&d=mm&r=g","height":96,"width":96}},"publisher":{"@type":"Organization","name":"blokna.cz","logo":{"@type":"ImageObject","@id":"\/logo.png","url":"\/logo.png","width":600,"height":60}},"url":"https:\/\/www.blokna.cz\/u-nas-mame-kostym-pro-vsechny-prilezitosti\/","wordCount":349,"articleBody":"\tPot\u0159ebujete n\u011bjak\u00fd p\u0159evlek na \u010derta a mikul\u00e1\u0161e s\u00a0and\u011blem, na ma\u0161karn\u00ed ples, masku pro spole\u010denskou akci nebo si doma cht\u011bj\u00ed prost\u011b va\u0161e d\u011bti hr\u00e1t na indi\u00e1ny? Neum\u00edte \u0161\u00edt a chcete, aby oble\u010dek byl prost\u011b \u00fa\u017easn\u00fd a dokonal\u00fd pro v\u0161echny p\u0159\u00edle\u017eitosti v\u010detn\u011b plesu? Potom u\u017e d\u00e9le nev\u00e1hejte a poj\u010fte k\u00a0n\u00e1m nahl\u00e9dnout. U\u017e n\u011bkolik let chyst\u00e1me spousty nov\u00fdch p\u0159evlek\u016f, ze kter\u00fdch si v\u017edy vyberete to prav\u00e9, pro ka\u017edou p\u0159\u00edle\u017eitost. M\u00e1me obleky, jak pro d\u011bti, tak pro dosp\u011bl\u00e9 a nezapom\u00edn\u00e1me ani na va\u0161e zv\u00ed\u0159\u00e1tka. Velikosti jsou uzp\u016fsoben\u00e9 pro v\u0161echny kategorie, tak\u017ee se nemus\u00edte b\u00e1t, \u017ee pr\u00e1v\u011b ten vybran\u00fd by v\u00e1m, nebo va\u0161emu d\u00edtku nesed\u011bl. Zam\u011b\u0159te se na sv\u00e9 t\u00e9ma a vyberte si model, kter\u00fd v\u00e1s zaujme.\tKreativn\u00ed model na m\u00edruKdy\u017e dojde k\u00a0tomu, \u017ee n\u011bkdo vyhl\u00e1s\u00ed ma\u0161karn\u00ed ples nebo akci, ka\u017ed\u00fd za\u010dne p\u0159em\u00fd\u0161let hned nad t\u00edm, za co p\u016fjde. V\u011bt\u0161inou jsou n\u00e1pady kap\u00e1nek f\u00e1dn\u00ed a ur\u010dit\u011b u\u017e v\u00a0takov\u00e9m p\u0159evleku n\u011bkdo na ma\u0161karn\u00ed p\u0159i\u0161el. Poj\u010fte si tedy kone\u010dn\u011b vybrat n\u011bco origin\u00e1ln\u00edho, co je\u0161t\u011b nikdo nevid\u011bl, a nechte se un\u00e9st kreativitou v\u00fdrobc\u016f, kte\u0159\u00ed pro v\u00e1s vymysleli neot\u0159el\u00e9 a zaj\u00edmav\u00e9 kombinace p\u0159evlek\u016f. Ka\u017ed\u00fd kost\u00fdm je nav\u00edc z\u00a0kvalitn\u00edho materi\u00e1lu, umo\u017en\u00ed v\u00e1m tedy z\u00fa\u010dastnit se v\u011bt\u0161\u00edho po\u010dtu akc\u00ed ve stejn\u00e9m modelu. M\u016f\u017eete ho potom pou\u017e\u00edvat i mezi sebou s\u00a0p\u0159\u00e1teli a t\u0159eba si m\u011bnit a p\u016fj\u010dovat p\u0159evleky navz\u00e1jem. Mo\u017enost\u00ed a typ\u016f model\u016f je tolik, \u017ee si nebudete jist\u011b moci vybrat a budete t\u00e1pat mezi n\u011bkolika nab\u00edzen\u00fdmi p\u0159evleky.                                                                                                                                                                                                                                                                                                                                                                                        3.3\/5 - (3 votes)        "},{"@context":"https:\/\/schema.org\/","@type":"BreadcrumbList","itemListElement":[{"@type":"ListItem","position":1,"name":"U n\u00e1s m\u00e1me kost\u00fdm pro v\u0161echny p\u0159\u00edle\u017eitosti","item":"https:\/\/www.blokna.cz\/u-nas-mame-kostym-pro-vsechny-prilezitosti\/#breadcrumbitem"}]}]