[{"@context":"https:\/\/schema.org\/","@type":"Article","@id":"https:\/\/www.blokna.cz\/vestevene-skrine-jsou-prakticke\/#Article","mainEntityOfPage":"https:\/\/www.blokna.cz\/vestevene-skrine-jsou-prakticke\/","headline":"Vest\u011bven\u00e9 sk\u0159\u00edn\u011b jsou praktick\u00e9","name":"Vest\u011bven\u00e9 sk\u0159\u00edn\u011b jsou praktick\u00e9","description":"Jsou situace, kdy si \u010dlov\u011bk nem\u016f\u017ee dovolit vlastn\u00ed bydlen\u00ed, a tak p\u0159ich\u00e1z\u00ed na \u0159adu pron\u00e1jem bytu nebo domu. J\u00e1 taky<span class=\"more-button\"><a href=\"https:\/\/www.blokna.cz\/vestevene-skrine-jsou-prakticke\/\" class=\"more-link\">Pokra\u010dovat ve \u010dten\u00ed<span class=\"screen-reader-text\">Vest\u011bven\u00e9 sk\u0159\u00edn\u011b jsou praktick\u00e9<\/span><\/a><\/span>","datePublished":"2022-01-17","dateModified":"2023-05-04","author":{"@type":"Person","@id":"https:\/\/www.blokna.cz\/author\/#Person","name":"","url":"https:\/\/www.blokna.cz\/author\/","identifier":1,"image":{"@type":"ImageObject","@id":"https:\/\/secure.gravatar.com\/avatar\/42264ea8f5170010011c6bbf811aa6c31c20ad3acf2a9bd21dca0746ea8c832a?s=96&d=mm&r=g","url":"https:\/\/secure.gravatar.com\/avatar\/42264ea8f5170010011c6bbf811aa6c31c20ad3acf2a9bd21dca0746ea8c832a?s=96&d=mm&r=g","height":96,"width":96}},"publisher":{"@type":"Organization","name":"blokna.cz","logo":{"@type":"ImageObject","@id":"\/logo.png","url":"\/logo.png","width":600,"height":60}},"image":{"@type":"ImageObject","@id":"https:\/\/www.blokna.cz\/wp-content\/uploads\/panelak6_4.jpg","url":"https:\/\/www.blokna.cz\/wp-content\/uploads\/panelak6_4.jpg","height":0,"width":0},"url":"https:\/\/www.blokna.cz\/vestevene-skrine-jsou-prakticke\/","about":["Produkty"],"wordCount":412,"articleBody":"        Jsou situace, kdy si \u010dlov\u011bk nem\u016f\u017ee dovolit vlastn\u00ed bydlen\u00ed, a tak p\u0159ich\u00e1z\u00ed na \u0159adu pron\u00e1jem bytu nebo domu. J\u00e1 taky tak za\u010d\u00ednala. Byla jsem se synem sama a nem\u011bla jsem pen\u011bz nazbyt, tak mi nic jin\u00e9ho nezbylo, ne\u017e si pronajmout malou garsonku a ud\u011blat to tak, abych tam m\u011bla co nejv\u00edce m\u00edsta. Koupila jsem dvoupatrovou postel, kterou jsem j\u00e1 a syn vyu\u017eili. Byl to dobr\u00fd n\u00e1pad, proto\u017ee takto se n\u00e1m uvolnilo opravdu spousta m\u00edsta. Taky jsem si po\u0159\u00eddila velmi praktick\u00fd st\u016fl, kter\u00fd \u0161el zastr\u010dit pod sk\u0159\u00ed\u0148, kdy\u017e zrovna nebyl pot\u0159eba. Se synem stejn\u011b nejrad\u011bji j\u00edme u televize, tak u n\u00e1s st\u016fl ani nen\u00ed t\u0159eba. Mysl\u00edm, \u017ee je to takto ve spoust\u011b rodin, n\u011bkdo to m\u00e1 r\u00e1d, n\u011bkdo ne.Co je ale opravdu praktick\u00e9 do men\u0161\u00edch obydl\u00ed, tak vestav\u011bn\u00e9 sk\u0159\u00edn\u011b. Je jich hodn\u011b na v\u00fdb\u011br a m\u016f\u017eou se pou\u017e\u00edt opravdu na cokoli. Nejrad\u011bji m\u00e1m \u0161atn\u00ed sk\u0159\u00edn\u011b, ale i mal\u00e9 sk\u0159\u00edn\u011b na n\u00e1dob\u00ed nebo drobnosti. Nav\u00edc jsou skv\u011bl\u00e9 zatahovac\u00ed dve\u0159e na kole\u010dk\u00e1ch, tak\u017ee se u\u0161et\u0159\u00ed i m\u00edsto p\u0159i otev\u00edr\u00e1n\u00ed. Pamatuji si, jak jsem m\u011bla postel naproti oby\u010dejn\u00e9 sk\u0159\u00edn\u011b. Sk\u0159\u00ed\u0148 se opravdu hodn\u011b t\u011b\u017eko otev\u00edrala, proto\u017ee postel j\u00ed br\u00e1nila. V\u011bzte, \u017ee m\u011b to \u0161tvalo, tak\u017ee jsem se musela rozhodnout pro vestav\u011bn\u00e9 sk\u0159\u00edn\u011b. A nelituji. Jsou opravdu praktick\u00e9 a doporu\u010duji je i do d\u011btsk\u00fdch pokoj\u016f, aby d\u011bti m\u011bly dostatek prostoru na hry nebo u\u010den\u00ed. Nyn\u00ed ji\u017e bydl\u00edm v dom\u011b, kde je dostatek prostoru, ale vestav\u011bn\u00e9 sk\u0159\u00edn\u011b m\u00e1m st\u00e1le r\u00e1da a ned\u00e1m na n\u011b dopustit. Nyn\u00ed je m\u00e1m p\u0159es celou ze\u010f v ob\u00fdvac\u00edm pokoji. Nav\u00edc p\u016fsob\u00ed dekora\u010dn\u011b. Na posuvn\u00fdch dve\u0159\u00ed m\u00e1m v\u0161ude zrcadla a vypad\u00e1 to p\u011bkn\u011b, opticky obydl\u00ed zv\u011bt\u0161\u00ed. Nav\u00edc si m\u016f\u017eete vybrat, jak\u00fd typ vestav\u011bn\u00fdch sk\u0159\u00edn\u00ed chcete. J\u00e1 si vybrala masiv. Sice je dra\u017e\u0161\u00ed, ale v\u011b\u0159te, \u017ee opravdu dlouho vydr\u017e\u00ed. Kvalitn\u00ed materi\u00e1l je skv\u011bl\u00e1 a v\u00fdhodn\u00e1 investice do budoucna. Hodn\u011b \u0161t\u011bst\u00ed p\u0159i vyb\u00edr\u00e1n\u00ed t\u00e9 spr\u00e1vn\u00e9 vestav\u011bn\u00e9 sk\u0159\u00edn\u011b.                                                                                                                                                                                                                                                                                                                                                                                          3.7\/5 - (12 votes)        "},{"@context":"https:\/\/schema.org\/","@type":"BreadcrumbList","itemListElement":[{"@type":"ListItem","position":1,"name":"Vest\u011bven\u00e9 sk\u0159\u00edn\u011b jsou praktick\u00e9","item":"https:\/\/www.blokna.cz\/vestevene-skrine-jsou-prakticke\/#breadcrumbitem"}]}]