[{"@context":"https:\/\/schema.org\/","@type":"Article","@id":"https:\/\/www.blokna.cz\/zalezi-jen-na-vasich-predstavach\/#Article","mainEntityOfPage":"https:\/\/www.blokna.cz\/zalezi-jen-na-vasich-predstavach\/","headline":"Z\u00e1le\u017e\u00ed jen na Va\u0161ich p\u0159edstav\u00e1ch","name":"Z\u00e1le\u017e\u00ed jen na Va\u0161ich p\u0159edstav\u00e1ch","description":"P\u0159em\u00fd\u0161leli jste n\u011bkdy nad t\u00edm, \u017ee by nebylo od v\u011bci po\u0159\u00eddit si pro svoje bydlen\u00ed n\u011bjak\u00fd zaj\u00edmav\u00fd, origin\u00e1ln\u00ed a cenn\u00fd<span class=\"more-button\"><a href=\"https:\/\/www.blokna.cz\/zalezi-jen-na-vasich-predstavach\/\" class=\"more-link\">Pokra\u010dovat ve \u010dten\u00ed<span class=\"screen-reader-text\">Z\u00e1le\u017e\u00ed jen na Va\u0161ich p\u0159edstav\u00e1ch<\/span><\/a><\/span>","datePublished":"2023-05-04","dateModified":"2023-05-04","author":{"@type":"Person","@id":"https:\/\/www.blokna.cz\/author\/#Person","name":"","url":"https:\/\/www.blokna.cz\/author\/","identifier":1,"image":{"@type":"ImageObject","@id":"https:\/\/secure.gravatar.com\/avatar\/42264ea8f5170010011c6bbf811aa6c31c20ad3acf2a9bd21dca0746ea8c832a?s=96&d=mm&r=g","url":"https:\/\/secure.gravatar.com\/avatar\/42264ea8f5170010011c6bbf811aa6c31c20ad3acf2a9bd21dca0746ea8c832a?s=96&d=mm&r=g","height":96,"width":96}},"publisher":{"@type":"Organization","name":"blokna.cz","logo":{"@type":"ImageObject","@id":"\/logo.png","url":"\/logo.png","width":600,"height":60}},"url":"https:\/\/www.blokna.cz\/zalezi-jen-na-vasich-predstavach\/","about":["Zv\u00ed\u0159ata"],"wordCount":427,"articleBody":"P\u0159em\u00fd\u0161leli jste n\u011bkdy nad t\u00edm, \u017ee by nebylo od v\u011bci po\u0159\u00eddit si pro svoje bydlen\u00ed n\u011bjak\u00fd zaj\u00edmav\u00fd, origin\u00e1ln\u00ed a cenn\u00fd dopln\u011bk? N\u011bco takov\u00e9ho si samoz\u0159ejm\u011b po\u0159\u00eddit m\u016f\u017eete a my V\u00e1m s t\u00edm velice r\u00e1di pom\u016f\u017eeme. Se zaj\u00edmav\u00fdm a origin\u00e1ln\u00edm gobel\u00ednem m\u016f\u017eete ud\u011blat skute\u010dn\u011b velk\u00fd dojem. Jedn\u00e1 se o velice kvalitn\u00ed ru\u010dn\u00ed pr\u00e1ci, tak\u017ee m\u016f\u017eete m\u00edt jistotu, \u017ee nikdo jin\u00fd nem\u00e1 doma stejn\u00fd. Proto si po\u0159\u00edzen\u00ed takov\u00e9 v\u011bci po\u0159\u00e1dn\u011b promyslete.Pora\u010fte se s n\u00e1mi&#13; Pokud m\u00e1te ur\u010dit\u00e9 p\u0159edstavy o tom, jak by m\u011bl V\u00e1\u0161 vysn\u011bn\u00fd gobel\u00edn vypadat, nev\u00e1hejte a pod\u011blte se o n\u011b s n\u00e1mi. My u\u017e pro V\u00e1s r\u00e1di utk\u00e1me takov\u00fd, kter\u00fd bude vhodn\u00fd pro Va\u0161e bydlen\u00ed. Takov\u00fd dopln\u011bk zaru\u010den\u011b ka\u017ed\u00fd ocen\u00ed a ka\u017ed\u00fd si ho v\u0161imne, proto je pot\u0159eba vyb\u00edrat motiv velice pe\u010dliv\u011b a zodpov\u011bdn\u011b.Vsa\u010fte na um\u011bn\u00ed&#13; Pokud m\u00e1te r\u00e1di um\u011bn\u00ed a l\u00edb\u00ed se V\u00e1m r\u016fzn\u00e1 um\u011bleck\u00e1 d\u00edla, m\u016f\u017eete je d\u00edky n\u00e1m m\u00edt zv\u011b\u010dn\u011bn\u00e1. Samoz\u0159ejm\u011b r\u00e1di utk\u00e1me gobel\u00edn i podle Va\u0161eho vlastn\u00edho n\u00e1vrhu, je tedy jen a pouze na V\u00e1s, co si vlastn\u011b zvol\u00edte. Kdykoliv se s n\u00e1mi m\u016f\u017eete poradit o tom, jak\u00fd n\u00e1vrh by byl vhodn\u00fd a co by mohlo vypadat skute\u010dn\u011b nejl\u00e9pe.Ozdobte si svoje bydlen\u00ed&#13; Proto pokud si chcete po\u0159\u00eddit takov\u00fd pam\u00e1te\u010dn\u00ed a origin\u00e1ln\u00ed p\u0159edm\u011bt, jako je na m\u00edru tkan\u00fd gobel\u00edn, v\u0161e si nejd\u0159\u00edve po\u0159\u00e1dn\u011b promyslete a vyberte si motiv, o kter\u00e9m v\u00edte, \u017ee s n\u00edm budete spokojeni. My V\u00e1m m\u016f\u017eeme nab\u00eddnout precizn\u00ed ru\u010dn\u00ed pr\u00e1ci, d\u00edky kter\u00e9 se V\u00e1m do rukou dostane kvalitn\u00ed a origin\u00e1ln\u00ed produkt, kter\u00fd nespat\u0159\u00edte na jin\u00e9m m\u00edst\u011b. Pro gobel\u00edn je v\u017edy dobr\u00e9 vybrat takov\u00e9 m\u00edsto, na kter\u00e9m bude moct nen\u00e1padn\u011b zdobit cel\u00e9 Va\u0161e bydlen\u00ed. Uvid\u00edte, \u017ee d\u00edky vhodn\u00e9mu um\u00edst\u011bn\u00ed m\u016f\u017eete jeho dobr\u00fd vzhled je\u0161t\u011b zv\u00fdraznit a v\u00edce na n\u011bj upozornit. A proto i m\u00edsto, na kter\u00e9 jej um\u00edst\u00edte, vyb\u00edrejte velice pe\u010dliv\u011b.                                                                                                                                                                                                                                                                                                                                                                                         3.3\/5 - (12 votes)        "},{"@context":"https:\/\/schema.org\/","@type":"BreadcrumbList","itemListElement":[{"@type":"ListItem","position":1,"name":"Z\u00e1le\u017e\u00ed jen na Va\u0161ich p\u0159edstav\u00e1ch","item":"https:\/\/www.blokna.cz\/zalezi-jen-na-vasich-predstavach\/#breadcrumbitem"}]}]